{"id":28,"date":"2025-06-17T14:22:34","date_gmt":"2025-06-17T14:22:34","guid":{"rendered":"https:\/\/arcvm.pt\/?p=28"},"modified":"2025-06-17T14:22:34","modified_gmt":"2025-06-17T14:22:34","slug":"convocatoria-reuniao-extraordinaria","status":"publish","type":"post","link":"https:\/\/arcvm.pt\/index.php\/2025\/06\/17\/convocatoria-reuniao-extraordinaria\/","title":{"rendered":"Convocat\u00f3ria &#8211; Reuni\u00e3o Extraordin\u00e1ria"},"content":{"rendered":"\n<p>Em conformidade com as disposi\u00e7\u00f5es legais aplic\u00e1veis e os estatutos da Associa\u00e7\u00e3o, convoca-se toda popula\u00e7\u00e3o interessada para a Assembleia Geral Extraordin\u00e1ria no dia 11 maio (Domingo), pelas 17h00, com a seguinte ordem de trabalhos:<\/p>\n\n\n\n<p><br>1 &#8211; Aprova\u00e7\u00e3o Plano Atividades e or\u00e7amento para o ano 2025;<br>2 &#8211; Aprova\u00e7\u00e3o do valor das Cotas;<br>3- Outros assuntos.<\/p>\n\n\n\n<p>Vilarinho da M\u00f3, 02 de maio de 2025<\/p>\n\n\n\n<figure class=\"wp-block-image size-large\"><img loading=\"lazy\" decoding=\"async\" width=\"709\" height=\"1024\" src=\"https:\/\/arcvm.pt\/wp-content\/uploads\/2025\/06\/494590643_122115190034839822_235176279305054226_n-709x1024.jpg\" alt=\"\" class=\"wp-image-29\" srcset=\"https:\/\/arcvm.pt\/wp-content\/uploads\/2025\/06\/494590643_122115190034839822_235176279305054226_n-709x1024.jpg 709w, https:\/\/arcvm.pt\/wp-content\/uploads\/2025\/06\/494590643_122115190034839822_235176279305054226_n-208x300.jpg 208w, https:\/\/arcvm.pt\/wp-content\/uploads\/2025\/06\/494590643_122115190034839822_235176279305054226_n-768x1109.jpg 768w, https:\/\/arcvm.pt\/wp-content\/uploads\/2025\/06\/494590643_122115190034839822_235176279305054226_n-1064x1536.jpg 1064w, https:\/\/arcvm.pt\/wp-content\/uploads\/2025\/06\/494590643_122115190034839822_235176279305054226_n.jpg 1418w\" sizes=\"auto, (max-width: 709px) 100vw, 709px\" \/><\/figure>\n","protected":false},"excerpt":{"rendered":"<p>Em conformidade com as disposi\u00e7\u00f5es legais aplic\u00e1veis e os estatutos da Associa\u00e7\u00e3o, convoca-se toda popula\u00e7\u00e3o interessada para a Assembleia Geral Extraordin\u00e1ria no dia 11 maio (Domingo), pelas 17h00, com a seguinte ordem de trabalhos: 1 &#8211; Aprova\u00e7\u00e3o Plano Atividades e or\u00e7amento para o ano 2025;2 &#8211; Aprova\u00e7\u00e3o do valor das Cotas;3- Outros assuntos. Vilarinho da [&hellip;]<\/p>\n","protected":false},"author":1,"featured_media":0,"comment_status":"open","ping_status":"open","sticky":false,"template":"","format":"standard","meta":{"footnotes":""},"categories":[6],"tags":[],"class_list":["post-28","post","type-post","status-publish","format-standard","hentry","category-reunioes"],"_links":{"self":[{"href":"https:\/\/arcvm.pt\/index.php\/wp-json\/wp\/v2\/posts\/28","targetHints":{"allow":["GET"]}}],"collection":[{"href":"https:\/\/arcvm.pt\/index.php\/wp-json\/wp\/v2\/posts"}],"about":[{"href":"https:\/\/arcvm.pt\/index.php\/wp-json\/wp\/v2\/types\/post"}],"author":[{"embeddable":true,"href":"https:\/\/arcvm.pt\/index.php\/wp-json\/wp\/v2\/users\/1"}],"replies":[{"embeddable":true,"href":"https:\/\/arcvm.pt\/index.php\/wp-json\/wp\/v2\/comments?post=28"}],"version-history":[{"count":1,"href":"https:\/\/arcvm.pt\/index.php\/wp-json\/wp\/v2\/posts\/28\/revisions"}],"predecessor-version":[{"id":30,"href":"https:\/\/arcvm.pt\/index.php\/wp-json\/wp\/v2\/posts\/28\/revisions\/30"}],"wp:attachment":[{"href":"https:\/\/arcvm.pt\/index.php\/wp-json\/wp\/v2\/media?parent=28"}],"wp:term":[{"taxonomy":"category","embeddable":true,"href":"https:\/\/arcvm.pt\/index.php\/wp-json\/wp\/v2\/categories?post=28"},{"taxonomy":"post_tag","embeddable":true,"href":"https:\/\/arcvm.pt\/index.php\/wp-json\/wp\/v2\/tags?post=28"}],"curies":[{"name":"wp","href":"https:\/\/api.w.org\/{rel}","templated":true}]}}