{"id":8,"date":"2025-06-17T14:06:45","date_gmt":"2025-06-17T14:06:45","guid":{"rendered":"https:\/\/arcvm.pt\/?p=8"},"modified":"2025-06-17T14:13:45","modified_gmt":"2025-06-17T14:13:45","slug":"pascoa-na-mo","status":"publish","type":"post","link":"https:\/\/arcvm.pt\/index.php\/2025\/06\/17\/pascoa-na-mo\/","title":{"rendered":"P\u00e1scoa na M\u00f3 #25"},"content":{"rendered":"\n<p>Nem a intemp\u00e9rie que nos assolou demoveu o Coelhinho da P\u00e1scoa de levar os ovinhos \u00e0s crian\u00e7as da <strong>M\u00f3<\/strong>!<\/p>\n\n\n\n<p>Na impossibilidade de realizarmos a atividade como tinhamos pensado, os meninos receberam igualmente os seus miminhos doces&#8230;<\/p>\n\n\n\n<p>Aqui fica uma pequena amostra fotogr\u00e1fica<\/p>\n\n\n\n<p>A todos muito obrigada! <\/p>\n\n\n\n<p>Para o ano h\u00e1 mais!<\/p>\n\n\n\n<p>#ARCVM a criar tradi\u00e7\u00f5es e mem\u00f3rias! \u2764\ufe0f<\/p>\n\n\n\n<figure class=\"wp-block-gallery has-nested-images columns-default is-cropped wp-block-gallery-1 is-layout-flex wp-block-gallery-is-layout-flex\">\n<figure class=\"wp-block-image size-large\"><img loading=\"lazy\" decoding=\"async\" width=\"1024\" height=\"1024\" data-id=\"10\" src=\"https:\/\/arcvm.pt\/wp-content\/uploads\/2025\/06\/492504975_122106992870839822_1379746814365757804_n-1024x1024.jpg\" alt=\"\" class=\"wp-image-10\" srcset=\"https:\/\/arcvm.pt\/wp-content\/uploads\/2025\/06\/492504975_122106992870839822_1379746814365757804_n-1024x1024.jpg 1024w, https:\/\/arcvm.pt\/wp-content\/uploads\/2025\/06\/492504975_122106992870839822_1379746814365757804_n-300x300.jpg 300w, https:\/\/arcvm.pt\/wp-content\/uploads\/2025\/06\/492504975_122106992870839822_1379746814365757804_n-150x150.jpg 150w, https:\/\/arcvm.pt\/wp-content\/uploads\/2025\/06\/492504975_122106992870839822_1379746814365757804_n-768x768.jpg 768w, https:\/\/arcvm.pt\/wp-content\/uploads\/2025\/06\/492504975_122106992870839822_1379746814365757804_n-1536x1536.jpg 1536w, https:\/\/arcvm.pt\/wp-content\/uploads\/2025\/06\/492504975_122106992870839822_1379746814365757804_n.jpg 2048w\" sizes=\"auto, (max-width: 1024px) 100vw, 1024px\" \/><\/figure>\n\n\n\n<figure class=\"wp-block-image size-large\"><img loading=\"lazy\" decoding=\"async\" width=\"1024\" height=\"1024\" data-id=\"11\" src=\"https:\/\/arcvm.pt\/wp-content\/uploads\/2025\/06\/491807485_122106992906839822_5046706022993413359_n-1024x1024.jpg\" alt=\"\" class=\"wp-image-11\" srcset=\"https:\/\/arcvm.pt\/wp-content\/uploads\/2025\/06\/491807485_122106992906839822_5046706022993413359_n-1024x1024.jpg 1024w, https:\/\/arcvm.pt\/wp-content\/uploads\/2025\/06\/491807485_122106992906839822_5046706022993413359_n-300x300.jpg 300w, https:\/\/arcvm.pt\/wp-content\/uploads\/2025\/06\/491807485_122106992906839822_5046706022993413359_n-150x150.jpg 150w, https:\/\/arcvm.pt\/wp-content\/uploads\/2025\/06\/491807485_122106992906839822_5046706022993413359_n-768x768.jpg 768w, https:\/\/arcvm.pt\/wp-content\/uploads\/2025\/06\/491807485_122106992906839822_5046706022993413359_n-1536x1536.jpg 1536w, https:\/\/arcvm.pt\/wp-content\/uploads\/2025\/06\/491807485_122106992906839822_5046706022993413359_n.jpg 2048w\" sizes=\"auto, (max-width: 1024px) 100vw, 1024px\" \/><\/figure>\n\n\n\n<figure class=\"wp-block-image size-large\"><img loading=\"lazy\" decoding=\"async\" width=\"768\" height=\"1024\" data-id=\"9\" src=\"https:\/\/arcvm.pt\/wp-content\/uploads\/2025\/06\/491974326_122105324114839822_3724937868754816968_n-768x1024.jpg\" alt=\"\" class=\"wp-image-9\" srcset=\"https:\/\/arcvm.pt\/wp-content\/uploads\/2025\/06\/491974326_122105324114839822_3724937868754816968_n-768x1024.jpg 768w, https:\/\/arcvm.pt\/wp-content\/uploads\/2025\/06\/491974326_122105324114839822_3724937868754816968_n-225x300.jpg 225w, https:\/\/arcvm.pt\/wp-content\/uploads\/2025\/06\/491974326_122105324114839822_3724937868754816968_n-1152x1536.jpg 1152w, https:\/\/arcvm.pt\/wp-content\/uploads\/2025\/06\/491974326_122105324114839822_3724937868754816968_n.jpg 1536w\" sizes=\"auto, (max-width: 768px) 100vw, 768px\" \/><\/figure>\n<\/figure>\n","protected":false},"excerpt":{"rendered":"<p>Nem a intemp\u00e9rie que nos assolou demoveu o Coelhinho da P\u00e1scoa de levar os ovinhos \u00e0s crian\u00e7as da M\u00f3! Na impossibilidade de realizarmos a atividade como tinhamos pensado, os meninos receberam igualmente os seus miminhos doces&#8230; Aqui fica uma pequena amostra fotogr\u00e1fica A todos muito obrigada! Para o ano h\u00e1 mais! #ARCVM a criar tradi\u00e7\u00f5es [&hellip;]<\/p>\n","protected":false},"author":1,"featured_media":0,"comment_status":"open","ping_status":"open","sticky":false,"template":"","format":"standard","meta":{"footnotes":""},"categories":[3],"tags":[],"class_list":["post-8","post","type-post","status-publish","format-standard","hentry","category-actividades"],"_links":{"self":[{"href":"https:\/\/arcvm.pt\/index.php\/wp-json\/wp\/v2\/posts\/8","targetHints":{"allow":["GET"]}}],"collection":[{"href":"https:\/\/arcvm.pt\/index.php\/wp-json\/wp\/v2\/posts"}],"about":[{"href":"https:\/\/arcvm.pt\/index.php\/wp-json\/wp\/v2\/types\/post"}],"author":[{"embeddable":true,"href":"https:\/\/arcvm.pt\/index.php\/wp-json\/wp\/v2\/users\/1"}],"replies":[{"embeddable":true,"href":"https:\/\/arcvm.pt\/index.php\/wp-json\/wp\/v2\/comments?post=8"}],"version-history":[{"count":3,"href":"https:\/\/arcvm.pt\/index.php\/wp-json\/wp\/v2\/posts\/8\/revisions"}],"predecessor-version":[{"id":23,"href":"https:\/\/arcvm.pt\/index.php\/wp-json\/wp\/v2\/posts\/8\/revisions\/23"}],"wp:attachment":[{"href":"https:\/\/arcvm.pt\/index.php\/wp-json\/wp\/v2\/media?parent=8"}],"wp:term":[{"taxonomy":"category","embeddable":true,"href":"https:\/\/arcvm.pt\/index.php\/wp-json\/wp\/v2\/categories?post=8"},{"taxonomy":"post_tag","embeddable":true,"href":"https:\/\/arcvm.pt\/index.php\/wp-json\/wp\/v2\/tags?post=8"}],"curies":[{"name":"wp","href":"https:\/\/api.w.org\/{rel}","templated":true}]}}